{"id":415804,"date":"2026-09-03T15:39:59","date_gmt":"2026-09-03T18:39:59","guid":{"rendered":"https:\/\/ferrazdevasconcelos.sp.gov.br\/web\/?p=415804"},"modified":"2026-09-03T15:39:59","modified_gmt":"2026-09-03T18:39:59","slug":"ubs-de-ferraz-promovem-acoes-de-valorizacao-da-vida-em-setembro","status":"publish","type":"post","link":"https:\/\/ferrazdevasconcelos.sp.gov.br\/web\/saude\/ubs-de-ferraz-promovem-acoes-de-valorizacao-da-vida-em-setembro\/","title":{"rendered":"UBS de Ferraz promovem a\u00e7\u00f5es de valoriza\u00e7\u00e3o da vida em setembro"},"content":{"rendered":"<p><em>Programa\u00e7\u00e3o re\u00fane rodas de conversa, palestras, caminhadas e atividades de autocuidado nas 14 unidades do munic\u00edpio<\/em><\/p>\n<p>&nbsp;<\/p>\n<p>As Unidades B\u00e1sicas de Sa\u00fade (UBS) de Ferraz de Vasconcelos ter\u00e3o uma programa\u00e7\u00e3o especial ao longo de setembro, com a\u00e7\u00f5es voltadas \u00e0 Valoriza\u00e7\u00e3o da Vida. As atividades foram planejadas para estimular o di\u00e1logo, a escuta, o cuidado com a sa\u00fade mental e a aten\u00e7\u00e3o ao bem-estar em diferentes p\u00fablicos.<\/p>\n<p>A programa\u00e7\u00e3o ser\u00e1 realizada nas 14 UBS do munic\u00edpio e contar\u00e1 com rodas de conversa, palestras, caminhadas, atividades de autocuidado e outras iniciativas organizadas pelas equipes de cada unidade.<\/p>\n<p>Na UBS CDHU, ser\u00e3o realizadas rodas de conversa sobre valoriza\u00e7\u00e3o da vida nos dias 10 e 16 de setembro. A UBS Geraldo Jos\u00e9 Rodrigues Alckmim, no Yone, ter\u00e1 palestra no dia 15 e uma caminhada pela valoriza\u00e7\u00e3o da vida no dia 21.<\/p>\n<p>O CSII Mario Margarido da Silva promover\u00e1 uma roda de conversa no dia 16, enquanto a UBS Jos\u00e9 Schiavinatti, na Vila Corr\u00eaa, ter\u00e1, no dia 23, uma atividade com o tema \u201cLazer e autocuidado tamb\u00e9m \u00e9 sa\u00fade!\u201d, reunindo conversa e oficinas sobre a import\u00e2ncia de cuidar de si.<\/p>\n<p>Na UBS Lucas Simpl\u00edcio, no Jardim Rosana, haver\u00e1 uma roda de conversa sobre valoriza\u00e7\u00e3o da vida no dia 28, com participa\u00e7\u00e3o do psic\u00f3logo Rafael e da equipe da unidade.<\/p>\n<p>A UBS Ant\u00f4nio Nhan ter\u00e1 uma programa\u00e7\u00e3o diversificada, com a\u00e7\u00f5es direcionadas aos trabalhadores, idosos e \u00e0 pr\u00f3pria equipe, al\u00e9m de caminhada pela vida. A unidade tamb\u00e9m realizar\u00e1 atividades relacionadas ao autocuidado e \u00e0 valoriza\u00e7\u00e3o da vida.<\/p>\n<p>As a\u00e7\u00f5es seguem na UBS Vila Margarida, com roda de conversa no dia 17, e na UBS Jardim S\u00e3o L\u00e1zaro, que realizar\u00e1 a palestra \u201cCuidando de quem cuida\u201d no dia 24.<\/p>\n<p>Na UBS Santo Ant\u00f4nio, a programa\u00e7\u00e3o inclui aula de yoga, roda de conversa e uma atividade de valoriza\u00e7\u00e3o da vida na escola.<\/p>\n<p>A UBS Vila S\u00e3o Paulo ter\u00e1 verifica\u00e7\u00e3o de sinais vitais acompanhada de roda de conversa com psic\u00f3loga, caminhada com a equipe eMulti e outra roda de conversa sobre valoriza\u00e7\u00e3o da vida. J\u00e1 a UBS Marcelo Petegrasso Pereira realizar\u00e1 uma roda de conversa no dia 23.<\/p>\n<p>Na UBS Jardim Castelo, a programa\u00e7\u00e3o ter\u00e1 roda de conversa sobre valoriza\u00e7\u00e3o da vida, promo\u00e7\u00e3o da sa\u00fade mental e fortalecimento do cuidado e da escuta. As UBS Mario Squizato, nas Na\u00e7\u00f5es, e Ant\u00f4nio Pasquarelli, na Vila Jamil, tamb\u00e9m ter\u00e3o atividades voltadas ao tema, incluindo roda de conversa e palestra sobre cuidados com quem cuida.<\/p>\n<p>A programa\u00e7\u00e3o refor\u00e7a o papel das UBS como espa\u00e7os de cuidado que v\u00e3o al\u00e9m do atendimento cl\u00ednico, promovendo momentos de orienta\u00e7\u00e3o, acolhimento, di\u00e1logo e preven\u00e7\u00e3o.<\/p>\n<p>Ao longo do m\u00eas, as equipes estar\u00e3o mobilizadas para incentivar os mun\u00edcipes a olhar para a pr\u00f3pria sa\u00fade e para a import\u00e2ncia de ouvir, acolher e cuidar das pessoas ao redor.<\/p>\n<p>&nbsp;<\/p>\n<p>&nbsp;<\/p>\n<p>Foto: Divulga\u00e7\u00e3o Secom\/FV<\/p>\n","protected":false},"excerpt":{"rendered":"<p>Programa\u00e7\u00e3o re\u00fane rodas de conversa, palestras, caminhadas e atividades de autocuidado nas 14 unidades do munic\u00edpio &nbsp; As Unidades B\u00e1sicas de Sa\u00fade (UBS) de Ferraz de Vasconcelos ter\u00e3o uma programa\u00e7\u00e3o especial ao longo de setembro, com a\u00e7\u00f5es voltadas \u00e0 Valoriza\u00e7\u00e3o da Vida. As atividades foram planejadas para estimular o di\u00e1logo, a escuta, o cuidado com [&hellip;]<\/p>\n","protected":false},"author":3,"featured_media":415805,"comment_status":"open","ping_status":"open","sticky":false,"template":"","format":"standard","meta":{"footnotes":""},"categories":[12],"tags":[],"class_list":["post-415804","post","type-post","status-publish","format-standard","has-post-thumbnail","hentry","category-saude"],"yoast_head":"<!-- This site is optimized with the Yoast SEO plugin v25.5 - https:\/\/yoast.com\/wordpress\/plugins\/seo\/ -->\n<title>UBS de Ferraz promovem a\u00e7\u00f5es de valoriza\u00e7\u00e3o da vida em setembro - Prefeitura Municipal de Ferraz de Vasconcelos<\/title>\n<meta name=\"robots\" content=\"index, follow, max-snippet:-1, max-image-preview:large, max-video-preview:-1\" \/>\n<link rel=\"canonical\" href=\"https:\/\/ferrazdevasconcelos.sp.gov.br\/web\/saude\/ubs-de-ferraz-promovem-acoes-de-valorizacao-da-vida-em-setembro\/\" \/>\n<meta property=\"og:locale\" content=\"pt_BR\" \/>\n<meta property=\"og:type\" content=\"article\" \/>\n<meta property=\"og:title\" content=\"UBS de Ferraz promovem a\u00e7\u00f5es de valoriza\u00e7\u00e3o da vida em setembro - Prefeitura Municipal de Ferraz de Vasconcelos\" \/>\n<meta property=\"og:description\" content=\"Programa\u00e7\u00e3o re\u00fane rodas de conversa, palestras, caminhadas e atividades de autocuidado nas 14 unidades do munic\u00edpio &nbsp; As Unidades B\u00e1sicas de Sa\u00fade (UBS) de Ferraz de Vasconcelos ter\u00e3o uma programa\u00e7\u00e3o especial ao longo de setembro, com a\u00e7\u00f5es voltadas \u00e0 Valoriza\u00e7\u00e3o da Vida. As atividades foram planejadas para estimular o di\u00e1logo, a escuta, o cuidado com [&hellip;]\" \/>\n<meta property=\"og:url\" content=\"https:\/\/ferrazdevasconcelos.sp.gov.br\/web\/saude\/ubs-de-ferraz-promovem-acoes-de-valorizacao-da-vida-em-setembro\/\" \/>\n<meta property=\"og:site_name\" content=\"Prefeitura Municipal de Ferraz de Vasconcelos\" \/>\n<meta property=\"article:published_time\" content=\"2026-09-03T18:39:59+00:00\" \/>\n<meta property=\"og:image\" content=\"https:\/\/ferrazdevasconcelos.sp.gov.br\/web\/wp-content\/uploads\/2026\/09\/WhatsApp-Image-2026-09-03-at-15.35.54.jpeg\" \/>\n\t<meta property=\"og:image:width\" content=\"1440\" \/>\n\t<meta property=\"og:image:height\" content=\"959\" \/>\n\t<meta property=\"og:image:type\" content=\"image\/jpeg\" \/>\n<meta name=\"author\" content=\"Secretaria de Comunica\u00e7\u00e3o Ferraz de Vasconcelos\" \/>\n<meta name=\"twitter:card\" content=\"summary_large_image\" \/>\n<meta name=\"twitter:label1\" content=\"Escrito por\" \/>\n\t<meta name=\"twitter:data1\" content=\"Secretaria de Comunica\u00e7\u00e3o Ferraz de Vasconcelos\" \/>\n\t<meta name=\"twitter:label2\" content=\"Est. tempo de leitura\" \/>\n\t<meta name=\"twitter:data2\" content=\"3 minutos\" \/>\n<script type=\"application\/ld+json\" class=\"yoast-schema-graph\">{\"@context\":\"https:\/\/schema.org\",\"@graph\":[{\"@type\":\"Article\",\"@id\":\"https:\/\/ferrazdevasconcelos.sp.gov.br\/web\/saude\/ubs-de-ferraz-promovem-acoes-de-valorizacao-da-vida-em-setembro\/#article\",\"isPartOf\":{\"@id\":\"https:\/\/ferrazdevasconcelos.sp.gov.br\/web\/saude\/ubs-de-ferraz-promovem-acoes-de-valorizacao-da-vida-em-setembro\/\"},\"author\":{\"name\":\"Secretaria de Comunica\u00e7\u00e3o Ferraz de Vasconcelos\",\"@id\":\"https:\/\/ferrazdevasconcelos.sp.gov.br\/web\/#\/schema\/person\/120be100f5caa6c6a74ee9527b37d126\"},\"headline\":\"UBS de Ferraz promovem a\u00e7\u00f5es de valoriza\u00e7\u00e3o da vida em setembro\",\"datePublished\":\"2026-09-03T18:39:59+00:00\",\"mainEntityOfPage\":{\"@id\":\"https:\/\/ferrazdevasconcelos.sp.gov.br\/web\/saude\/ubs-de-ferraz-promovem-acoes-de-valorizacao-da-vida-em-setembro\/\"},\"wordCount\":528,\"commentCount\":0,\"publisher\":{\"@id\":\"https:\/\/ferrazdevasconcelos.sp.gov.br\/web\/#organization\"},\"image\":{\"@id\":\"https:\/\/ferrazdevasconcelos.sp.gov.br\/web\/saude\/ubs-de-ferraz-promovem-acoes-de-valorizacao-da-vida-em-setembro\/#primaryimage\"},\"thumbnailUrl\":\"https:\/\/ferrazdevasconcelos.sp.gov.br\/web\/wp-content\/uploads\/2026\/09\/WhatsApp-Image-2026-09-03-at-15.35.54.jpeg\",\"articleSection\":[\"Sa\u00fade\"],\"inLanguage\":\"pt-BR\",\"potentialAction\":[{\"@type\":\"CommentAction\",\"name\":\"Comment\",\"target\":[\"https:\/\/ferrazdevasconcelos.sp.gov.br\/web\/saude\/ubs-de-ferraz-promovem-acoes-de-valorizacao-da-vida-em-setembro\/#respond\"]}]},{\"@type\":\"WebPage\",\"@id\":\"https:\/\/ferrazdevasconcelos.sp.gov.br\/web\/saude\/ubs-de-ferraz-promovem-acoes-de-valorizacao-da-vida-em-setembro\/\",\"url\":\"https:\/\/ferrazdevasconcelos.sp.gov.br\/web\/saude\/ubs-de-ferraz-promovem-acoes-de-valorizacao-da-vida-em-setembro\/\",\"name\":\"UBS de Ferraz promovem a\u00e7\u00f5es de valoriza\u00e7\u00e3o da vida em setembro - Prefeitura Municipal de Ferraz de Vasconcelos\",\"isPartOf\":{\"@id\":\"https:\/\/ferrazdevasconcelos.sp.gov.br\/web\/#website\"},\"primaryImageOfPage\":{\"@id\":\"https:\/\/ferrazdevasconcelos.sp.gov.br\/web\/saude\/ubs-de-ferraz-promovem-acoes-de-valorizacao-da-vida-em-setembro\/#primaryimage\"},\"image\":{\"@id\":\"https:\/\/ferrazdevasconcelos.sp.gov.br\/web\/saude\/ubs-de-ferraz-promovem-acoes-de-valorizacao-da-vida-em-setembro\/#primaryimage\"},\"thumbnailUrl\":\"https:\/\/ferrazdevasconcelos.sp.gov.br\/web\/wp-content\/uploads\/2026\/09\/WhatsApp-Image-2026-09-03-at-15.35.54.jpeg\",\"datePublished\":\"2026-09-03T18:39:59+00:00\",\"breadcrumb\":{\"@id\":\"https:\/\/ferrazdevasconcelos.sp.gov.br\/web\/saude\/ubs-de-ferraz-promovem-acoes-de-valorizacao-da-vida-em-setembro\/#breadcrumb\"},\"inLanguage\":\"pt-BR\",\"potentialAction\":[{\"@type\":\"ReadAction\",\"target\":[\"https:\/\/ferrazdevasconcelos.sp.gov.br\/web\/saude\/ubs-de-ferraz-promovem-acoes-de-valorizacao-da-vida-em-setembro\/\"]}]},{\"@type\":\"ImageObject\",\"inLanguage\":\"pt-BR\",\"@id\":\"https:\/\/ferrazdevasconcelos.sp.gov.br\/web\/saude\/ubs-de-ferraz-promovem-acoes-de-valorizacao-da-vida-em-setembro\/#primaryimage\",\"url\":\"https:\/\/ferrazdevasconcelos.sp.gov.br\/web\/wp-content\/uploads\/2026\/09\/WhatsApp-Image-2026-09-03-at-15.35.54.jpeg\",\"contentUrl\":\"https:\/\/ferrazdevasconcelos.sp.gov.br\/web\/wp-content\/uploads\/2026\/09\/WhatsApp-Image-2026-09-03-at-15.35.54.jpeg\",\"width\":1440,\"height\":959},{\"@type\":\"BreadcrumbList\",\"@id\":\"https:\/\/ferrazdevasconcelos.sp.gov.br\/web\/saude\/ubs-de-ferraz-promovem-acoes-de-valorizacao-da-vida-em-setembro\/#breadcrumb\",\"itemListElement\":[{\"@type\":\"ListItem\",\"position\":1,\"name\":\"In\u00edcio\",\"item\":\"https:\/\/ferrazdevasconcelos.sp.gov.br\/web\/\"},{\"@type\":\"ListItem\",\"position\":2,\"name\":\"UBS de Ferraz promovem a\u00e7\u00f5es de valoriza\u00e7\u00e3o da vida em setembro\"}]},{\"@type\":\"WebSite\",\"@id\":\"https:\/\/ferrazdevasconcelos.sp.gov.br\/web\/#website\",\"url\":\"https:\/\/ferrazdevasconcelos.sp.gov.br\/web\/\",\"name\":\"Prefeitura Municipal de Ferraz de Vasconcelos\",\"description\":\"Ferraz de Vasconcelos\",\"publisher\":{\"@id\":\"https:\/\/ferrazdevasconcelos.sp.gov.br\/web\/#organization\"},\"potentialAction\":[{\"@type\":\"SearchAction\",\"target\":{\"@type\":\"EntryPoint\",\"urlTemplate\":\"https:\/\/ferrazdevasconcelos.sp.gov.br\/web\/?s={search_term_string}\"},\"query-input\":{\"@type\":\"PropertyValueSpecification\",\"valueRequired\":true,\"valueName\":\"search_term_string\"}}],\"inLanguage\":\"pt-BR\"},{\"@type\":\"Organization\",\"@id\":\"https:\/\/ferrazdevasconcelos.sp.gov.br\/web\/#organization\",\"name\":\"Prefeitura de Ferraz de Vasconcelos\",\"alternateName\":\"Prefeitura de Ferraz de Vasconcelos\",\"url\":\"https:\/\/ferrazdevasconcelos.sp.gov.br\/web\/\",\"logo\":{\"@type\":\"ImageObject\",\"inLanguage\":\"pt-BR\",\"@id\":\"https:\/\/ferrazdevasconcelos.sp.gov.br\/web\/#\/schema\/logo\/image\/\",\"url\":\"https:\/\/ferrazdevasconcelos.sp.gov.br\/web\/wp-content\/uploads\/2025\/06\/cropped-logo_horizontal-3-1.png\",\"contentUrl\":\"https:\/\/ferrazdevasconcelos.sp.gov.br\/web\/wp-content\/uploads\/2025\/06\/cropped-logo_horizontal-3-1.png\",\"width\":512,\"height\":512,\"caption\":\"Prefeitura de Ferraz de Vasconcelos\"},\"image\":{\"@id\":\"https:\/\/ferrazdevasconcelos.sp.gov.br\/web\/#\/schema\/logo\/image\/\"}},{\"@type\":\"Person\",\"@id\":\"https:\/\/ferrazdevasconcelos.sp.gov.br\/web\/#\/schema\/person\/120be100f5caa6c6a74ee9527b37d126\",\"name\":\"Secretaria de Comunica\u00e7\u00e3o Ferraz de Vasconcelos\",\"image\":{\"@type\":\"ImageObject\",\"inLanguage\":\"pt-BR\",\"@id\":\"https:\/\/ferrazdevasconcelos.sp.gov.br\/web\/#\/schema\/person\/image\/\",\"url\":\"https:\/\/secure.gravatar.com\/avatar\/03ab9f281a08f2e16260bdabd94c7973402759326ca52ebe19fdf1a07b7c9588?s=96&d=mm&r=g\",\"contentUrl\":\"https:\/\/secure.gravatar.com\/avatar\/03ab9f281a08f2e16260bdabd94c7973402759326ca52ebe19fdf1a07b7c9588?s=96&d=mm&r=g\",\"caption\":\"Secretaria de Comunica\u00e7\u00e3o Ferraz de Vasconcelos\"},\"url\":\"https:\/\/ferrazdevasconcelos.sp.gov.br\/web\/author\/secom\/\"}]}<\/script>\n<!-- \/ Yoast SEO plugin. -->","yoast_head_json":{"title":"UBS de Ferraz promovem a\u00e7\u00f5es de valoriza\u00e7\u00e3o da vida em setembro - Prefeitura Municipal de Ferraz de Vasconcelos","robots":{"index":"index","follow":"follow","max-snippet":"max-snippet:-1","max-image-preview":"max-image-preview:large","max-video-preview":"max-video-preview:-1"},"canonical":"https:\/\/ferrazdevasconcelos.sp.gov.br\/web\/saude\/ubs-de-ferraz-promovem-acoes-de-valorizacao-da-vida-em-setembro\/","og_locale":"pt_BR","og_type":"article","og_title":"UBS de Ferraz promovem a\u00e7\u00f5es de valoriza\u00e7\u00e3o da vida em setembro - Prefeitura Municipal de Ferraz de Vasconcelos","og_description":"Programa\u00e7\u00e3o re\u00fane rodas de conversa, palestras, caminhadas e atividades de autocuidado nas 14 unidades do munic\u00edpio &nbsp; As Unidades B\u00e1sicas de Sa\u00fade (UBS) de Ferraz de Vasconcelos ter\u00e3o uma programa\u00e7\u00e3o especial ao longo de setembro, com a\u00e7\u00f5es voltadas \u00e0 Valoriza\u00e7\u00e3o da Vida. As atividades foram planejadas para estimular o di\u00e1logo, a escuta, o cuidado com [&hellip;]","og_url":"https:\/\/ferrazdevasconcelos.sp.gov.br\/web\/saude\/ubs-de-ferraz-promovem-acoes-de-valorizacao-da-vida-em-setembro\/","og_site_name":"Prefeitura Municipal de Ferraz de Vasconcelos","article_published_time":"2026-09-03T18:39:59+00:00","og_image":[{"width":1440,"height":959,"url":"https:\/\/ferrazdevasconcelos.sp.gov.br\/web\/wp-content\/uploads\/2026\/09\/WhatsApp-Image-2026-09-03-at-15.35.54.jpeg","type":"image\/jpeg"}],"author":"Secretaria de Comunica\u00e7\u00e3o Ferraz de Vasconcelos","twitter_card":"summary_large_image","twitter_misc":{"Escrito por":"Secretaria de Comunica\u00e7\u00e3o Ferraz de Vasconcelos","Est. tempo de leitura":"3 minutos"},"schema":{"@context":"https:\/\/schema.org","@graph":[{"@type":"Article","@id":"https:\/\/ferrazdevasconcelos.sp.gov.br\/web\/saude\/ubs-de-ferraz-promovem-acoes-de-valorizacao-da-vida-em-setembro\/#article","isPartOf":{"@id":"https:\/\/ferrazdevasconcelos.sp.gov.br\/web\/saude\/ubs-de-ferraz-promovem-acoes-de-valorizacao-da-vida-em-setembro\/"},"author":{"name":"Secretaria de Comunica\u00e7\u00e3o Ferraz de Vasconcelos","@id":"https:\/\/ferrazdevasconcelos.sp.gov.br\/web\/#\/schema\/person\/120be100f5caa6c6a74ee9527b37d126"},"headline":"UBS de Ferraz promovem a\u00e7\u00f5es de valoriza\u00e7\u00e3o da vida em setembro","datePublished":"2026-09-03T18:39:59+00:00","mainEntityOfPage":{"@id":"https:\/\/ferrazdevasconcelos.sp.gov.br\/web\/saude\/ubs-de-ferraz-promovem-acoes-de-valorizacao-da-vida-em-setembro\/"},"wordCount":528,"commentCount":0,"publisher":{"@id":"https:\/\/ferrazdevasconcelos.sp.gov.br\/web\/#organization"},"image":{"@id":"https:\/\/ferrazdevasconcelos.sp.gov.br\/web\/saude\/ubs-de-ferraz-promovem-acoes-de-valorizacao-da-vida-em-setembro\/#primaryimage"},"thumbnailUrl":"https:\/\/ferrazdevasconcelos.sp.gov.br\/web\/wp-content\/uploads\/2026\/09\/WhatsApp-Image-2026-09-03-at-15.35.54.jpeg","articleSection":["Sa\u00fade"],"inLanguage":"pt-BR","potentialAction":[{"@type":"CommentAction","name":"Comment","target":["https:\/\/ferrazdevasconcelos.sp.gov.br\/web\/saude\/ubs-de-ferraz-promovem-acoes-de-valorizacao-da-vida-em-setembro\/#respond"]}]},{"@type":"WebPage","@id":"https:\/\/ferrazdevasconcelos.sp.gov.br\/web\/saude\/ubs-de-ferraz-promovem-acoes-de-valorizacao-da-vida-em-setembro\/","url":"https:\/\/ferrazdevasconcelos.sp.gov.br\/web\/saude\/ubs-de-ferraz-promovem-acoes-de-valorizacao-da-vida-em-setembro\/","name":"UBS de Ferraz promovem a\u00e7\u00f5es de valoriza\u00e7\u00e3o da vida em setembro - Prefeitura Municipal de Ferraz de Vasconcelos","isPartOf":{"@id":"https:\/\/ferrazdevasconcelos.sp.gov.br\/web\/#website"},"primaryImageOfPage":{"@id":"https:\/\/ferrazdevasconcelos.sp.gov.br\/web\/saude\/ubs-de-ferraz-promovem-acoes-de-valorizacao-da-vida-em-setembro\/#primaryimage"},"image":{"@id":"https:\/\/ferrazdevasconcelos.sp.gov.br\/web\/saude\/ubs-de-ferraz-promovem-acoes-de-valorizacao-da-vida-em-setembro\/#primaryimage"},"thumbnailUrl":"https:\/\/ferrazdevasconcelos.sp.gov.br\/web\/wp-content\/uploads\/2026\/09\/WhatsApp-Image-2026-09-03-at-15.35.54.jpeg","datePublished":"2026-09-03T18:39:59+00:00","breadcrumb":{"@id":"https:\/\/ferrazdevasconcelos.sp.gov.br\/web\/saude\/ubs-de-ferraz-promovem-acoes-de-valorizacao-da-vida-em-setembro\/#breadcrumb"},"inLanguage":"pt-BR","potentialAction":[{"@type":"ReadAction","target":["https:\/\/ferrazdevasconcelos.sp.gov.br\/web\/saude\/ubs-de-ferraz-promovem-acoes-de-valorizacao-da-vida-em-setembro\/"]}]},{"@type":"ImageObject","inLanguage":"pt-BR","@id":"https:\/\/ferrazdevasconcelos.sp.gov.br\/web\/saude\/ubs-de-ferraz-promovem-acoes-de-valorizacao-da-vida-em-setembro\/#primaryimage","url":"https:\/\/ferrazdevasconcelos.sp.gov.br\/web\/wp-content\/uploads\/2026\/09\/WhatsApp-Image-2026-09-03-at-15.35.54.jpeg","contentUrl":"https:\/\/ferrazdevasconcelos.sp.gov.br\/web\/wp-content\/uploads\/2026\/09\/WhatsApp-Image-2026-09-03-at-15.35.54.jpeg","width":1440,"height":959},{"@type":"BreadcrumbList","@id":"https:\/\/ferrazdevasconcelos.sp.gov.br\/web\/saude\/ubs-de-ferraz-promovem-acoes-de-valorizacao-da-vida-em-setembro\/#breadcrumb","itemListElement":[{"@type":"ListItem","position":1,"name":"In\u00edcio","item":"https:\/\/ferrazdevasconcelos.sp.gov.br\/web\/"},{"@type":"ListItem","position":2,"name":"UBS de Ferraz promovem a\u00e7\u00f5es de valoriza\u00e7\u00e3o da vida em setembro"}]},{"@type":"WebSite","@id":"https:\/\/ferrazdevasconcelos.sp.gov.br\/web\/#website","url":"https:\/\/ferrazdevasconcelos.sp.gov.br\/web\/","name":"Prefeitura Municipal de Ferraz de Vasconcelos","description":"Ferraz de Vasconcelos","publisher":{"@id":"https:\/\/ferrazdevasconcelos.sp.gov.br\/web\/#organization"},"potentialAction":[{"@type":"SearchAction","target":{"@type":"EntryPoint","urlTemplate":"https:\/\/ferrazdevasconcelos.sp.gov.br\/web\/?s={search_term_string}"},"query-input":{"@type":"PropertyValueSpecification","valueRequired":true,"valueName":"search_term_string"}}],"inLanguage":"pt-BR"},{"@type":"Organization","@id":"https:\/\/ferrazdevasconcelos.sp.gov.br\/web\/#organization","name":"Prefeitura de Ferraz de Vasconcelos","alternateName":"Prefeitura de Ferraz de Vasconcelos","url":"https:\/\/ferrazdevasconcelos.sp.gov.br\/web\/","logo":{"@type":"ImageObject","inLanguage":"pt-BR","@id":"https:\/\/ferrazdevasconcelos.sp.gov.br\/web\/#\/schema\/logo\/image\/","url":"https:\/\/ferrazdevasconcelos.sp.gov.br\/web\/wp-content\/uploads\/2025\/06\/cropped-logo_horizontal-3-1.png","contentUrl":"https:\/\/ferrazdevasconcelos.sp.gov.br\/web\/wp-content\/uploads\/2025\/06\/cropped-logo_horizontal-3-1.png","width":512,"height":512,"caption":"Prefeitura de Ferraz de Vasconcelos"},"image":{"@id":"https:\/\/ferrazdevasconcelos.sp.gov.br\/web\/#\/schema\/logo\/image\/"}},{"@type":"Person","@id":"https:\/\/ferrazdevasconcelos.sp.gov.br\/web\/#\/schema\/person\/120be100f5caa6c6a74ee9527b37d126","name":"Secretaria de Comunica\u00e7\u00e3o Ferraz de Vasconcelos","image":{"@type":"ImageObject","inLanguage":"pt-BR","@id":"https:\/\/ferrazdevasconcelos.sp.gov.br\/web\/#\/schema\/person\/image\/","url":"https:\/\/secure.gravatar.com\/avatar\/03ab9f281a08f2e16260bdabd94c7973402759326ca52ebe19fdf1a07b7c9588?s=96&d=mm&r=g","contentUrl":"https:\/\/secure.gravatar.com\/avatar\/03ab9f281a08f2e16260bdabd94c7973402759326ca52ebe19fdf1a07b7c9588?s=96&d=mm&r=g","caption":"Secretaria de Comunica\u00e7\u00e3o Ferraz de Vasconcelos"},"url":"https:\/\/ferrazdevasconcelos.sp.gov.br\/web\/author\/secom\/"}]}},"_links":{"self":[{"href":"https:\/\/ferrazdevasconcelos.sp.gov.br\/web\/wp-json\/wp\/v2\/posts\/415804","targetHints":{"allow":["GET"]}}],"collection":[{"href":"https:\/\/ferrazdevasconcelos.sp.gov.br\/web\/wp-json\/wp\/v2\/posts"}],"about":[{"href":"https:\/\/ferrazdevasconcelos.sp.gov.br\/web\/wp-json\/wp\/v2\/types\/post"}],"author":[{"embeddable":true,"href":"https:\/\/ferrazdevasconcelos.sp.gov.br\/web\/wp-json\/wp\/v2\/users\/3"}],"replies":[{"embeddable":true,"href":"https:\/\/ferrazdevasconcelos.sp.gov.br\/web\/wp-json\/wp\/v2\/comments?post=415804"}],"version-history":[{"count":1,"href":"https:\/\/ferrazdevasconcelos.sp.gov.br\/web\/wp-json\/wp\/v2\/posts\/415804\/revisions"}],"predecessor-version":[{"id":415806,"href":"https:\/\/ferrazdevasconcelos.sp.gov.br\/web\/wp-json\/wp\/v2\/posts\/415804\/revisions\/415806"}],"wp:featuredmedia":[{"embeddable":true,"href":"https:\/\/ferrazdevasconcelos.sp.gov.br\/web\/wp-json\/wp\/v2\/media\/415805"}],"wp:attachment":[{"href":"https:\/\/ferrazdevasconcelos.sp.gov.br\/web\/wp-json\/wp\/v2\/media?parent=415804"}],"wp:term":[{"taxonomy":"category","embeddable":true,"href":"https:\/\/ferrazdevasconcelos.sp.gov.br\/web\/wp-json\/wp\/v2\/categories?post=415804"},{"taxonomy":"post_tag","embeddable":true,"href":"https:\/\/ferrazdevasconcelos.sp.gov.br\/web\/wp-json\/wp\/v2\/tags?post=415804"}],"curies":[{"name":"wp","href":"https:\/\/api.w.org\/{rel}","templated":true}]}}